{"id":988,"date":"2024-11-18T11:53:18","date_gmt":"2024-11-18T10:53:18","guid":{"rendered":"https:\/\/www.muenster-monastir.de\/?p=988"},"modified":"2025-06-05T15:32:02","modified_gmt":"2025-06-05T13:32:02","slug":"rundbrief-november-2024","status":"publish","type":"post","link":"https:\/\/www.muenster-monastir.de\/index.php\/2024\/11\/18\/rundbrief-november-2024\/","title":{"rendered":"Rundbrief November 2024"},"content":{"rendered":"\n<p>Liebe Mitglieder des Partnerschaftsvereins, liebe Freundinnen und Freunde der <strong>St\u00e4dtepartnerschaft M\u00fcnster-Monastir<\/strong>,<\/p>\n\n\n\n<p>2024 war ein Jahr der weltweiten Krisen und politischen Ver\u00e4nderungen auch in Tunesien, was sich indirekt auf unsere St\u00e4dtepartnerschaften in M\u00fcnster ausgewirkt hat.<\/p>\n\n\n\n<p>Es gelingt aber weiterhin, unsere vielen zivilgesellschaftlichen und auch offiziellen Kontakte \u00fcber unseren Verein und unser <strong>B\u00fcro Internationales<\/strong> der Stadt M\u00fcnster aktiv aufrecht zu erhalten.<\/p>\n\n\n\n<p>Die Servicestelle f\u00fcr Kommunen in der Einen Welt (SKEW) startete Mitte des Jahres einneues Programm \u201eKommunale Partnerschaften zwischen deutschen und afrikanischen Kommunen \u2013 Regionalschwerpunkt Nordafrika\u201c. Am 30.09. unterzeichnete Oberb\u00fcrgermeister Markus Lewe eine neue Kooperationsvereinbarung mit der SKEW zur Teilnahme an diesem <strong>Programm mit unserer Partnerstadt Monastir<\/strong>. In 2025 ist eine gemeinsame Teilnahme an der deutsch-afrikanischen Partnerschaftskonferenz in Deutschland geplant.\u00a0<\/p>\n\n\n\n<p>Unser Partnerschaftsverein M\u00fcnster-Monastir hat es geschafft, das Geschenk aus Monastir das <strong>Umweltsymbol LABIB<\/strong> (den W\u00fcstenfuchs) nach M\u00fcnster-Kinderhaus zu holen (siehe Foto). Es wird seinen Platz in 2025 an der neuen Kita auf dem Monastirplatz im Zentrum von Kinderhaus finden.<\/p>\n\n\n\n<figure class=\"wp-block-image size-full\"><img decoding=\"async\" src=\"https:\/\/www.muenster-monastir.de\/wp-content\/uploads\/2024\/11\/tempImageZ51SuJ.heic\" alt=\"\" class=\"wp-image-991\"\/><\/figure>\n\n\n\n<p>Weiterhin ist es gelungen, dass es im Stadthaus 1 nun bald ein <strong>Monastirzimmer<\/strong> geben wird. Hierf\u00fcr ist der Raum 2.091 vorgesehen und wir warten auf die offizielle Benennung durch die Stadtspitze.<\/p>\n\n\n\n<div class=\"wp-block-columns is-layout-flex wp-container-core-columns-is-layout-1 wp-block-columns-is-layout-flex\">\n<div class=\"wp-block-column is-layout-flow wp-block-column-is-layout-flow\">\n<p>Die Stadtverwaltung Monastir beteiligte sich auf Anfrage durch das B\u00fcro Internationales im Amt f\u00fcr B\u00fcrger-und Ratsservice an der <strong>Poster-Ausstellung<\/strong>zum internationalen Tag der Stadtbibliotheken in der Stadtb\u00fccherei M\u00fcnster vom 24. Oktober bis zum 4. November mit der Gestaltung eines Posters zur B\u00fccherei in Monastir.\u00a0<\/p>\n<\/div>\n\n\n\n<div class=\"wp-block-column is-layout-flow wp-block-column-is-layout-flow\">\n<figure class=\"wp-block-image size-full\"><img decoding=\"async\" src=\"https:\/\/www.muenster-monastir.de\/wp-content\/uploads\/2024\/11\/tempImageLkGJvl.heic\" alt=\"Poster Monastir LIbrary\" class=\"wp-image-992\"\/><\/figure>\n<\/div>\n<\/div>\n\n\n\n<p>Und f\u00fcr Fr\u00fchjahr 2025 planen wir eine <strong>Reise nach Monastir<\/strong>, bei der Br\u00fcckenpersonen aus M\u00fcnster zivilgesellschaftliche Kooperationsprojekte mit unserer Partnerstadt in den Bereichen Sport, Kultur, Umwelt und mehr auf den Weg bringen sollen, um wechselseitigen Austausch zu bef\u00f6rdern.<\/p>\n\n\n\n<p><strong>Aktueller Hinweis:<\/strong><\/p>\n\n\n\n<p>Am 27. November um 15.00 h findet zudem bei der AWO M\u00fcnster inder Hochstra\u00dfe 12 ein <strong>Vortrag mit Diskussion<\/strong>\u00fcber den aktuellen Stand der St\u00e4dtepartnerschaft mit Monastir statt.<\/p>\n\n\n\n<p>Ja \u2013 und unsere Kassenf\u00fchrerin wird nun noch in K\u00fcrze unsere Mitglieds-<strong>Jahresbeitr\u00e4ge 2024<\/strong> abbuchen, ab 2025 dann immer im 2. Quartal. Darauf sind wir angewiesenum Projekte und Vereinsarbeit weiterzuf\u00fchren.<\/p>\n\n\n\n<p><strong>Dank an alle f\u00fcr die Unterst\u00fctzung, <\/strong>mit besten Gr\u00fc\u00dfen<\/p>\n\n\n\n<p>Thomas Kollmann (Vorsitzender Partnerschaftsverein M\u00fcnster-Monastir)<\/p>\n","protected":false},"excerpt":{"rendered":"<p>Liebe Mitglieder des Partnerschaftsvereins, liebe Freundinnen und Freunde der St\u00e4dtepartnerschaft M\u00fcnster-Monastir, 2024 war ein Jahr der weltweiten Krisen und politischen Ver\u00e4nderungen auch in Tunesien, was sich indirekt auf unsere St\u00e4dtepartnerschaften in M\u00fcnster ausgewirkt hat. Es gelingt aber weiterhin, unsere vielen&#8230; <a href=\"https:\/\/www.muenster-monastir.de\/index.php\/2024\/11\/18\/rundbrief-november-2024\/\" class=\"readmore\">Weiterlesen<span class=\"screen-reader-text\">Rundbrief November 2024<\/span><span class=\"fa fa-angle-double-right\" aria-hidden=\"true\"><\/span><\/a><\/p>\n","protected":false},"author":2,"featured_media":0,"comment_status":"closed","ping_status":"closed","sticky":false,"template":"","format":"standard","meta":{"ngg_post_thumbnail":0,"footnotes":""},"categories":[1],"tags":[],"class_list":["post-988","post","type-post","status-publish","format-standard","hentry","category-allgemein","content-layout-excerpt-thumb"],"_links":{"self":[{"href":"https:\/\/www.muenster-monastir.de\/index.php\/wp-json\/wp\/v2\/posts\/988","targetHints":{"allow":["GET"]}}],"collection":[{"href":"https:\/\/www.muenster-monastir.de\/index.php\/wp-json\/wp\/v2\/posts"}],"about":[{"href":"https:\/\/www.muenster-monastir.de\/index.php\/wp-json\/wp\/v2\/types\/post"}],"author":[{"embeddable":true,"href":"https:\/\/www.muenster-monastir.de\/index.php\/wp-json\/wp\/v2\/users\/2"}],"replies":[{"embeddable":true,"href":"https:\/\/www.muenster-monastir.de\/index.php\/wp-json\/wp\/v2\/comments?post=988"}],"version-history":[{"count":2,"href":"https:\/\/www.muenster-monastir.de\/index.php\/wp-json\/wp\/v2\/posts\/988\/revisions"}],"predecessor-version":[{"id":993,"href":"https:\/\/www.muenster-monastir.de\/index.php\/wp-json\/wp\/v2\/posts\/988\/revisions\/993"}],"wp:attachment":[{"href":"https:\/\/www.muenster-monastir.de\/index.php\/wp-json\/wp\/v2\/media?parent=988"}],"wp:term":[{"taxonomy":"category","embeddable":true,"href":"https:\/\/www.muenster-monastir.de\/index.php\/wp-json\/wp\/v2\/categories?post=988"},{"taxonomy":"post_tag","embeddable":true,"href":"https:\/\/www.muenster-monastir.de\/index.php\/wp-json\/wp\/v2\/tags?post=988"}],"curies":[{"name":"wp","href":"https:\/\/api.w.org\/{rel}","templated":true}]}}