{"id":922,"date":"2023-07-14T14:18:44","date_gmt":"2023-07-14T12:18:44","guid":{"rendered":"https:\/\/www.muenster-monastir.de\/?p=922"},"modified":"2024-11-18T11:45:13","modified_gmt":"2024-11-18T10:45:13","slug":"erstflug-muenster-monastir","status":"publish","type":"post","link":"https:\/\/www.muenster-monastir.de\/index.php\/2023\/07\/14\/erstflug-muenster-monastir\/","title":{"rendered":"Erstflug M\u00fcnster-Monastir 2023"},"content":{"rendered":"\n<p>Am 27. Juni 2023 kam Nouvelair um 07:55 Uhr aus Monastir \u00fcber M\u00fcnchen bei uns an und flog um 08:35 Uhr nonstop nach Monastir zur\u00fcck. Zur Landung waren wir mit einer Gruppe auf dem Vorfeld, vorher mussten wir zum Ausweistausch und durch die Sicherheitskontrolle. Die Gruppe traf sich am FMO bereits um 07:00 Uhr, um gen\u00fcgend Zeit zu haben, alles vorzubereiten. Bei dieser Aktion durften, anders als bei einer normalen F\u00fchrung, nur maximal f\u00fcnf Personen aus unserem Verein mit an den Flieger genommen werden. Dort wurde der Flieger mit Wasserfont\u00e4ne durch die Flughafenfeuerwehr begr\u00fc\u00dft und die Crew stieg kurz aus. Es gab Blumen f\u00fcr sie und wir machten gemeinsam ein sch\u00f6nes Foto vor dem Flugzeug.<\/p>\n\n\n\n<figure class=\"wp-block-image size-large\"><img loading=\"lazy\" decoding=\"async\" width=\"1024\" height=\"683\" src=\"https:\/\/www.muenster-monastir.de\/wp-content\/uploads\/2023\/07\/DSC_0063-2-1024x683.jpg\" alt=\"\" class=\"wp-image-925\" srcset=\"https:\/\/www.muenster-monastir.de\/wp-content\/uploads\/2023\/07\/DSC_0063-2-1024x683.jpg 1024w, https:\/\/www.muenster-monastir.de\/wp-content\/uploads\/2023\/07\/DSC_0063-2-300x200.jpg 300w, https:\/\/www.muenster-monastir.de\/wp-content\/uploads\/2023\/07\/DSC_0063-2-768x512.jpg 768w, https:\/\/www.muenster-monastir.de\/wp-content\/uploads\/2023\/07\/DSC_0063-2.jpg 1500w\" sizes=\"auto, (max-width: 1024px) 100vw, 1024px\" \/><\/figure>\n\n\n\n<figure class=\"wp-block-image size-large\"><img loading=\"lazy\" decoding=\"async\" width=\"1024\" height=\"683\" src=\"https:\/\/www.muenster-monastir.de\/wp-content\/uploads\/2023\/07\/DSC_0115-2-1-1024x683.jpg\" alt=\"\" class=\"wp-image-926\" srcset=\"https:\/\/www.muenster-monastir.de\/wp-content\/uploads\/2023\/07\/DSC_0115-2-1-1024x683.jpg 1024w, https:\/\/www.muenster-monastir.de\/wp-content\/uploads\/2023\/07\/DSC_0115-2-1-300x200.jpg 300w, https:\/\/www.muenster-monastir.de\/wp-content\/uploads\/2023\/07\/DSC_0115-2-1-768x512.jpg 768w, https:\/\/www.muenster-monastir.de\/wp-content\/uploads\/2023\/07\/DSC_0115-2-1.jpg 1500w\" sizes=\"auto, (max-width: 1024px) 100vw, 1024px\" \/><\/figure>\n\n\n\n<figure class=\"wp-block-image size-large\"><img loading=\"lazy\" decoding=\"async\" width=\"768\" height=\"1024\" src=\"https:\/\/www.muenster-monastir.de\/wp-content\/uploads\/2023\/07\/IMG_4803-1-768x1024.jpg\" alt=\"\" class=\"wp-image-930\" srcset=\"https:\/\/www.muenster-monastir.de\/wp-content\/uploads\/2023\/07\/IMG_4803-1-768x1024.jpg 768w, https:\/\/www.muenster-monastir.de\/wp-content\/uploads\/2023\/07\/IMG_4803-1-225x300.jpg 225w, https:\/\/www.muenster-monastir.de\/wp-content\/uploads\/2023\/07\/IMG_4803-1-1152x1536.jpg 1152w, https:\/\/www.muenster-monastir.de\/wp-content\/uploads\/2023\/07\/IMG_4803-1.jpg 1500w\" sizes=\"auto, (max-width: 768px) 100vw, 768px\" \/><\/figure>\n\n\n\n<figure class=\"wp-block-image size-large\"><img loading=\"lazy\" decoding=\"async\" width=\"1024\" height=\"768\" src=\"https:\/\/www.muenster-monastir.de\/wp-content\/uploads\/2023\/07\/Nouvelair-2-1024x768.jpg\" alt=\"\" class=\"wp-image-927\" srcset=\"https:\/\/www.muenster-monastir.de\/wp-content\/uploads\/2023\/07\/Nouvelair-2-1024x768.jpg 1024w, https:\/\/www.muenster-monastir.de\/wp-content\/uploads\/2023\/07\/Nouvelair-2-300x225.jpg 300w, https:\/\/www.muenster-monastir.de\/wp-content\/uploads\/2023\/07\/Nouvelair-2-768x576.jpg 768w, https:\/\/www.muenster-monastir.de\/wp-content\/uploads\/2023\/07\/Nouvelair-2.jpg 1333w\" sizes=\"auto, (max-width: 1024px) 100vw, 1024px\" \/><\/figure>\n","protected":false},"excerpt":{"rendered":"<p>Am 27. Juni 2023 kam Nouvelair um 07:55 Uhr aus Monastir \u00fcber M\u00fcnchen bei uns an und flog um 08:35 Uhr nonstop nach Monastir zur\u00fcck. Zur Landung waren wir mit einer Gruppe auf dem Vorfeld, vorher mussten wir zum Ausweistausch&#8230; <a href=\"https:\/\/www.muenster-monastir.de\/index.php\/2023\/07\/14\/erstflug-muenster-monastir\/\" class=\"readmore\">Weiterlesen<span class=\"screen-reader-text\">Erstflug M\u00fcnster-Monastir 2023<\/span><span class=\"fa fa-angle-double-right\" aria-hidden=\"true\"><\/span><\/a><\/p>\n","protected":false},"author":2,"featured_media":0,"comment_status":"closed","ping_status":"closed","sticky":false,"template":"","format":"standard","meta":{"ngg_post_thumbnail":0,"footnotes":""},"categories":[1],"tags":[],"class_list":["post-922","post","type-post","status-publish","format-standard","hentry","category-allgemein","content-layout-excerpt-thumb"],"_links":{"self":[{"href":"https:\/\/www.muenster-monastir.de\/index.php\/wp-json\/wp\/v2\/posts\/922","targetHints":{"allow":["GET"]}}],"collection":[{"href":"https:\/\/www.muenster-monastir.de\/index.php\/wp-json\/wp\/v2\/posts"}],"about":[{"href":"https:\/\/www.muenster-monastir.de\/index.php\/wp-json\/wp\/v2\/types\/post"}],"author":[{"embeddable":true,"href":"https:\/\/www.muenster-monastir.de\/index.php\/wp-json\/wp\/v2\/users\/2"}],"replies":[{"embeddable":true,"href":"https:\/\/www.muenster-monastir.de\/index.php\/wp-json\/wp\/v2\/comments?post=922"}],"version-history":[{"count":3,"href":"https:\/\/www.muenster-monastir.de\/index.php\/wp-json\/wp\/v2\/posts\/922\/revisions"}],"predecessor-version":[{"id":932,"href":"https:\/\/www.muenster-monastir.de\/index.php\/wp-json\/wp\/v2\/posts\/922\/revisions\/932"}],"wp:attachment":[{"href":"https:\/\/www.muenster-monastir.de\/index.php\/wp-json\/wp\/v2\/media?parent=922"}],"wp:term":[{"taxonomy":"category","embeddable":true,"href":"https:\/\/www.muenster-monastir.de\/index.php\/wp-json\/wp\/v2\/categories?post=922"},{"taxonomy":"post_tag","embeddable":true,"href":"https:\/\/www.muenster-monastir.de\/index.php\/wp-json\/wp\/v2\/tags?post=922"}],"curies":[{"name":"wp","href":"https:\/\/api.w.org\/{rel}","templated":true}]}}