{"id":880,"date":"2023-04-26T19:27:14","date_gmt":"2023-04-26T17:27:14","guid":{"rendered":"https:\/\/www.muenster-monastir.de\/?p=880"},"modified":"2024-11-18T11:45:32","modified_gmt":"2024-11-18T10:45:32","slug":"protokoll-der-jahreshauptversammlung","status":"publish","type":"post","link":"https:\/\/www.muenster-monastir.de\/index.php\/2023\/04\/26\/protokoll-der-jahreshauptversammlung\/","title":{"rendered":"Protokoll zur Hauptversammlung 2023"},"content":{"rendered":"\n<p><strong>Protokoll der Jahreshauptversammlung des Partnerschaftsvereins M\u00fcnster-Monastir e.V.<\/strong><br>vom 9. Februar 2023 von 18.00 bis 19.15 Uhr im Lublin-Zimmer, Stadtweinhaus<\/p>\n\n\n\n<p>Teilnehmer*innen (siehe Liste)<\/p>\n\n\n\n<p>1. Der Vorsitzende Thomas Kollmann&nbsp;<strong>begr\u00fc\u00dfte<\/strong>&nbsp;die anwesenden 20 Mitglieder (von insg. 38), 4 neu eintretende Mitglieder (noch nicht stimmberechtigt) und weitere G\u00e4ste wie auch Nina Dohr vom B\u00fcro Internationales der Stadt M\u00fcnster. Entschuldigt waren die Vorstandsmitglieder Dr. Kajo Schukalla und Benno S\u00f6keland.<\/p>\n\n\n\n<p>2. Thomas Kollmann gab einen ausf\u00fchrlichen&nbsp;<strong>R\u00fcckblick auf die Aktivit\u00e4ten des Vereins in 2022<\/strong>&nbsp;analog des beiliegenden Rundbriefs aus 1.2023 und die erfolgten Unterst\u00fctzungen f\u00fcr Monastir (Corona-Hilfen und Spenden f\u00fcr zivilgesellschaftliche Projekt in 2021\/2020). Nina Dohr berichtete \u00fcber die Projekte der Klimapartnerschaft M\u00fcnster-Monastir und den sehr gelungenen Besuch der Monastir-Delegation im Dezember 2022 auch dank der guten Begleitung und Sprachmittlung des Vereins sowie des besonders hohen pers\u00f6nlichen Einsatzes von Ahmad Alhamwi, Deler Saber und Ahmed Zehahla.<\/p>\n\n\n\n<p>H\u00f6hepunkt war die Widmung des Monastirplatzes in M\u00fcnster-Kinderhaus.<\/p>\n\n\n\n<p>3. Im&nbsp;<strong>Ausblick auf 2023&nbsp;<\/strong>verwies Thomas Kollmann auf Planungen zu wechselseitigen B\u00fcrger*innenreisen (so k\u00f6nnte ein Besuch in Monastir Ende Mai stattfinden) und einen optionalen Gegenbesuch aus Monastir mit Br\u00fcckenpersonen aus verschiedenen Projekten, um weitere Austausche sicherzustellen. Diese sind auch lt. Ahmed Zehahla mit den M\u00fcnster Baskets und lt. Karin Badde-Struss mit dem Overberg-Kolleg geplant. Hierzu werden in K\u00fcrze weitergehende Vorbereitungsgespr\u00e4che mit Nina Dohr vom B\u00fcro Internationales gef\u00fchrt.<\/p>\n\n\n\n<p>Weiterhin sind Informationsveranstaltungen geplant zur politischen Situation in Tunesien und zu Besuchsreisen aus M\u00fcnster nach Monastir, zumal es in den Sommerferien in 2023 ab M\u00fcnster eine direkte Flugverbindung geben wird.<\/p>\n\n\n\n<p>4. Dr. Kajo Schukallo hatte einen Text verfasst, der den&nbsp;<strong>Beitritt des M\u00fcnster-Monastir e.V. zum Eine-Welt-Forum e.V.<\/strong>&nbsp;vorsieht. Diesen gab T.Kollmann zur Kenntnis und der Beitritt wurde bei 18 Ja-Stimmen und 2 Enthaltungen beschlossen.<\/p>\n\n\n\n<p>5. Der&nbsp;<strong>Kassenbericht<\/strong>&nbsp;wurde von Monika J\u00fcrgensmeier vorgetragen und bezog sich auf 2022\/2021\/2020. Der aktuelle Kontostand betr\u00e4gt 2117,80 \u20ac. Die Beitr\u00e4ge f\u00fcr 2023 (ca. 1000 \u20ac) werden noch im ersten Quartal eingezogen. Die Kassenpr\u00fcfer Ingeborg Se\u00dfler und Cornelius Dworzynski best\u00e4tigten die einwandfreie Kassenf\u00fchrung f\u00fcr den o.g. Zeitraum und empfahlen die&nbsp;<strong>Entlastung des Vorstands<\/strong>, die auch einstimmig durch die Mitglieder bei Enthaltung der anwesenden Vorstandsmitglieder erfolgte.<\/p>\n\n\n\n<p>6. C. Dworzynski \u00fcbernahm die Sitzungsleitung bei der&nbsp;<strong>Wahl<\/strong>&nbsp;des Vorsitzenden:<\/p>\n\n\n\n<p>1. Vorsitzender&nbsp;&nbsp;Thomas Kollmann&nbsp;&nbsp;&nbsp;19 Ja&nbsp;&nbsp;&nbsp;1 Enth.<\/p>\n\n\n\n<p>Thomas Kollmann \u00fcbernahm wieder die Sitzungsleitung f\u00fcr die weiteren&nbsp;<strong>Wahlvorg\u00e4nge<\/strong>:<\/p>\n\n\n\n<p>2. Vorsitzender&nbsp;&nbsp;Deler Saber&nbsp;&nbsp;&nbsp;19 Ja&nbsp;&nbsp;1 Enth.<\/p>\n\n\n\n<p>Kassenf\u00fchrerin&nbsp;Monika J\u00fcrgensmeier&nbsp;&nbsp;19 Ja&nbsp;&nbsp;1 Enth.<\/p>\n\n\n\n<p>Schriftf\u00fchrerin&nbsp;Karin Badde-Struss&nbsp;&nbsp;19 Ja&nbsp;&nbsp;&nbsp;1 Enth.<\/p>\n\n\n\n<p>Insg. 7 Beisitzer*innen, die gemeinsam en block gew\u00e4hlt wurden&nbsp;&nbsp;&nbsp;17 Ja&nbsp;&nbsp;3 Enth.<\/p>\n\n\n\n<p>Ahmad Alhamwi<\/p>\n\n\n\n<p>Cornelius Dworzynski<\/p>\n\n\n\n<p>Elisabeth Flechtner<\/p>\n\n\n\n<p>Dr. Kajo Schukalla<\/p>\n\n\n\n<p>Benno S\u00f6keland<\/p>\n\n\n\n<p>Maria Luise Ter\u00f6rde<\/p>\n\n\n\n<p>Ahmed Zehahla<\/p>\n\n\n\n<p>Dr. Kajo Schukalla und Benno S\u00f6keland hatten per Mail ihr Einverst\u00e4ndnis zur Wiederwahl gegeben.<\/p>\n\n\n\n<p>7. Verschiedenes<\/p>\n\n\n\n<p>Thomas Kollmann dankte allen f\u00fcr die zahlreiche Teilnahme, seinen Vorstandsmitgliedern und Nina Dohr f\u00fcr die vertrauensvolle Zusammenarbeit und bittet um Unterst\u00fctzung f\u00fcr die anstehenden Aufgaben, aber auch um Solidarit\u00e4t und Hilfe f\u00fcr die Erdbebenopfer in der T\u00fcrkei\/Syrien.<\/p>\n","protected":false},"excerpt":{"rendered":"<p>Protokoll der Jahreshauptversammlung des Partnerschaftsvereins M\u00fcnster-Monastir e.V.vom 9. Februar 2023 von 18.00 bis 19.15 Uhr im Lublin-Zimmer, Stadtweinhaus Teilnehmer*innen (siehe Liste) 1. Der Vorsitzende Thomas Kollmann&nbsp;begr\u00fc\u00dfte&nbsp;die anwesenden 20 Mitglieder (von insg. 38), 4 neu eintretende Mitglieder (noch nicht stimmberechtigt) und&#8230; <a href=\"https:\/\/www.muenster-monastir.de\/index.php\/2023\/04\/26\/protokoll-der-jahreshauptversammlung\/\" class=\"readmore\">Weiterlesen<span class=\"screen-reader-text\">Protokoll zur Hauptversammlung 2023<\/span><span class=\"fa fa-angle-double-right\" aria-hidden=\"true\"><\/span><\/a><\/p>\n","protected":false},"author":2,"featured_media":0,"comment_status":"closed","ping_status":"closed","sticky":false,"template":"","format":"standard","meta":{"ngg_post_thumbnail":0,"footnotes":""},"categories":[1],"tags":[],"class_list":["post-880","post","type-post","status-publish","format-standard","hentry","category-allgemein","content-layout-excerpt-thumb"],"_links":{"self":[{"href":"https:\/\/www.muenster-monastir.de\/index.php\/wp-json\/wp\/v2\/posts\/880","targetHints":{"allow":["GET"]}}],"collection":[{"href":"https:\/\/www.muenster-monastir.de\/index.php\/wp-json\/wp\/v2\/posts"}],"about":[{"href":"https:\/\/www.muenster-monastir.de\/index.php\/wp-json\/wp\/v2\/types\/post"}],"author":[{"embeddable":true,"href":"https:\/\/www.muenster-monastir.de\/index.php\/wp-json\/wp\/v2\/users\/2"}],"replies":[{"embeddable":true,"href":"https:\/\/www.muenster-monastir.de\/index.php\/wp-json\/wp\/v2\/comments?post=880"}],"version-history":[{"count":3,"href":"https:\/\/www.muenster-monastir.de\/index.php\/wp-json\/wp\/v2\/posts\/880\/revisions"}],"predecessor-version":[{"id":888,"href":"https:\/\/www.muenster-monastir.de\/index.php\/wp-json\/wp\/v2\/posts\/880\/revisions\/888"}],"wp:attachment":[{"href":"https:\/\/www.muenster-monastir.de\/index.php\/wp-json\/wp\/v2\/media?parent=880"}],"wp:term":[{"taxonomy":"category","embeddable":true,"href":"https:\/\/www.muenster-monastir.de\/index.php\/wp-json\/wp\/v2\/categories?post=880"},{"taxonomy":"post_tag","embeddable":true,"href":"https:\/\/www.muenster-monastir.de\/index.php\/wp-json\/wp\/v2\/tags?post=880"}],"curies":[{"name":"wp","href":"https:\/\/api.w.org\/{rel}","templated":true}]}}