{"id":876,"date":"2023-03-03T18:53:55","date_gmt":"2023-03-03T17:53:55","guid":{"rendered":"https:\/\/www.muenster-monastir.de\/?p=876"},"modified":"2024-11-18T11:45:39","modified_gmt":"2024-11-18T10:45:39","slug":"freude-ueber-direktverbindung-nach-monastir","status":"publish","type":"post","link":"https:\/\/www.muenster-monastir.de\/index.php\/2023\/03\/03\/freude-ueber-direktverbindung-nach-monastir\/","title":{"rendered":"Freude \u00fcber Direktverbindung nach Monastir"},"content":{"rendered":"\n<div class=\"wp-block-columns is-layout-flex wp-container-core-columns-is-layout-1 wp-block-columns-is-layout-flex\">\n<div class=\"wp-block-column is-layout-flow wp-block-column-is-layout-flow\">\n<p>In den Sommerferien 2023 wird es erstmalig eine direkte Flugverbindung von M\u00fcnster nach Monastir vom FMO aus geben. <\/p>\n\n\n\n<p>&#8222;Als Partnerschaftsverein M\u00fcnster-Monastir freuen wir uns \u00fcber diese 2,5 st\u00fcndige Direktverbindung&#8220;, so der Vorsitzende Thomas Kollmann. &#8222;Auf dem Landweg ist Monastir nur sehr schwer erreichbar und es erleichtert zudem beiderseitige Waren- oder Hilfslieferungen. Selbstverst\u00e4ndlich wird es bei von uns geplanten Reisen eine Kompensation \u00fcber <a href=\"http:\/\/www.atmosfair.de\" target=\"_blank\" rel=\"noreferrer noopener\">www.atmosfair.de<\/a> geben. Der Partnerschaftsverein steht zudem bereit, erstmalig nach Monastir Reisenden Tipps und Hinweise zu geben sowie Kontakte zu den immer gastfreundlichen tunesischen Partnern herzustellen. Diese freuen sich \u00fcber G\u00e4ste aus M\u00fcnster und Umgebung besonders, so wie sich hier viele auf G\u00e4ste aus Monastir freuen werden.&#8220;<\/p>\n<\/div>\n\n\n\n<div class=\"wp-block-column is-layout-flow wp-block-column-is-layout-flow\">\n<figure class=\"wp-block-image size-full\"><img loading=\"lazy\" decoding=\"async\" width=\"714\" height=\"665\" src=\"https:\/\/www.muenster-monastir.de\/wp-content\/uploads\/2023\/03\/Thomas-Kollmann.jpg\" alt=\"\" class=\"wp-image-877\" srcset=\"https:\/\/www.muenster-monastir.de\/wp-content\/uploads\/2023\/03\/Thomas-Kollmann.jpg 714w, https:\/\/www.muenster-monastir.de\/wp-content\/uploads\/2023\/03\/Thomas-Kollmann-300x279.jpg 300w\" sizes=\"auto, (max-width: 714px) 100vw, 714px\" \/><figcaption class=\"wp-element-caption\">Thomas Kollmann<\/figcaption><\/figure>\n<\/div>\n<\/div>\n","protected":false},"excerpt":{"rendered":"<p>In den Sommerferien 2023 wird es erstmalig eine direkte Flugverbindung von M\u00fcnster nach Monastir vom FMO aus geben. &#8222;Als Partnerschaftsverein M\u00fcnster-Monastir freuen wir uns \u00fcber diese 2,5 st\u00fcndige Direktverbindung&#8220;, so der Vorsitzende Thomas Kollmann. &#8222;Auf dem Landweg ist Monastir nur&#8230; <a href=\"https:\/\/www.muenster-monastir.de\/index.php\/2023\/03\/03\/freude-ueber-direktverbindung-nach-monastir\/\" class=\"readmore\">Weiterlesen<span class=\"screen-reader-text\">Freude \u00fcber Direktverbindung nach Monastir<\/span><span class=\"fa fa-angle-double-right\" aria-hidden=\"true\"><\/span><\/a><\/p>\n","protected":false},"author":2,"featured_media":0,"comment_status":"closed","ping_status":"closed","sticky":false,"template":"","format":"standard","meta":{"ngg_post_thumbnail":0,"footnotes":""},"categories":[1],"tags":[],"class_list":["post-876","post","type-post","status-publish","format-standard","hentry","category-allgemein","content-layout-excerpt-thumb"],"_links":{"self":[{"href":"https:\/\/www.muenster-monastir.de\/index.php\/wp-json\/wp\/v2\/posts\/876","targetHints":{"allow":["GET"]}}],"collection":[{"href":"https:\/\/www.muenster-monastir.de\/index.php\/wp-json\/wp\/v2\/posts"}],"about":[{"href":"https:\/\/www.muenster-monastir.de\/index.php\/wp-json\/wp\/v2\/types\/post"}],"author":[{"embeddable":true,"href":"https:\/\/www.muenster-monastir.de\/index.php\/wp-json\/wp\/v2\/users\/2"}],"replies":[{"embeddable":true,"href":"https:\/\/www.muenster-monastir.de\/index.php\/wp-json\/wp\/v2\/comments?post=876"}],"version-history":[{"count":1,"href":"https:\/\/www.muenster-monastir.de\/index.php\/wp-json\/wp\/v2\/posts\/876\/revisions"}],"predecessor-version":[{"id":878,"href":"https:\/\/www.muenster-monastir.de\/index.php\/wp-json\/wp\/v2\/posts\/876\/revisions\/878"}],"wp:attachment":[{"href":"https:\/\/www.muenster-monastir.de\/index.php\/wp-json\/wp\/v2\/media?parent=876"}],"wp:term":[{"taxonomy":"category","embeddable":true,"href":"https:\/\/www.muenster-monastir.de\/index.php\/wp-json\/wp\/v2\/categories?post=876"},{"taxonomy":"post_tag","embeddable":true,"href":"https:\/\/www.muenster-monastir.de\/index.php\/wp-json\/wp\/v2\/tags?post=876"}],"curies":[{"name":"wp","href":"https:\/\/api.w.org\/{rel}","templated":true}]}}