{"id":868,"date":"2023-02-14T14:39:42","date_gmt":"2023-02-14T13:39:42","guid":{"rendered":"https:\/\/www.muenster-monastir.de\/?p=868"},"modified":"2024-11-18T11:45:44","modified_gmt":"2024-11-18T10:45:44","slug":"vorstand-des-muenster-monastir-e-v-bestaetigt","status":"publish","type":"post","link":"https:\/\/www.muenster-monastir.de\/index.php\/2023\/02\/14\/vorstand-des-muenster-monastir-e-v-bestaetigt\/","title":{"rendered":"Vorstand des M\u00fcnster-Monastir e.V. best\u00e4tigt"},"content":{"rendered":"\n<p>Bei der Jahreshauptversammlung des Partnerschaftsvereins M\u00fcnster-Monastir e.V.\u00b4, an der \u00fcber die H\u00e4lfte der aktuell 38 Mitglieder im Stadtweinhaus teilnahmen, wurde der bisherige Vorstand jeweils einstimmig bei eigenen Enthaltungen im Amt best\u00e4tigt.<\/p>\n\n\n\n<p>Geplant sind in 2023 wechseitige Austauschprojekt in den Bereichen Kultur, Umweltschutz, Soziales, Schule und Sport, u.a. mit dem Overberg-Kolleg und den WWU Baskets. Zudem berichtete Nina Dohr vom B\u00fcro Internationales \u00fcber den Stand der Klimapartnerschaft mit Monastir. Weiterhin freut sich der Verein auf die Inbetriebnahme des Monaster-Zimmer Mitte dieses Jahres.<\/p>\n\n\n\n<figure class=\"wp-block-image size-full\"><img loading=\"lazy\" decoding=\"async\" width=\"990\" height=\"818\" src=\"https:\/\/www.muenster-monastir.de\/wp-content\/uploads\/2023\/02\/FMM-Vorstand.jpg\" alt=\"\" class=\"wp-image-869\" srcset=\"https:\/\/www.muenster-monastir.de\/wp-content\/uploads\/2023\/02\/FMM-Vorstand.jpg 990w, https:\/\/www.muenster-monastir.de\/wp-content\/uploads\/2023\/02\/FMM-Vorstand-300x248.jpg 300w, https:\/\/www.muenster-monastir.de\/wp-content\/uploads\/2023\/02\/FMM-Vorstand-768x635.jpg 768w\" sizes=\"auto, (max-width: 990px) 100vw, 990px\" \/><figcaption class=\"wp-element-caption\">V.l.n.r.: Ahmad Alhamwi, Monika J\u00fcrgensmeier (Kasse), Ahmed Zehahla, Marlies Ter\u00f6rde, Thomas Kollmann (Vors.),<br>Elisabeth Flechtner, Cornelius Dworzynski, Karin Badde-Struss (Schriftf\u00fchrung), Deler Saber (2.Vors.),<br>es fehlten Dr. Kajo Schukalla und Benno S\u00f6keland.<\/figcaption><\/figure>\n","protected":false},"excerpt":{"rendered":"<p>Bei der Jahreshauptversammlung des Partnerschaftsvereins M\u00fcnster-Monastir e.V.\u00b4, an der \u00fcber die H\u00e4lfte der aktuell 38 Mitglieder im Stadtweinhaus teilnahmen, wurde der bisherige Vorstand jeweils einstimmig bei eigenen Enthaltungen im Amt best\u00e4tigt. Geplant sind in 2023 wechseitige Austauschprojekt in den Bereichen&#8230; <a href=\"https:\/\/www.muenster-monastir.de\/index.php\/2023\/02\/14\/vorstand-des-muenster-monastir-e-v-bestaetigt\/\" class=\"readmore\">Weiterlesen<span class=\"screen-reader-text\">Vorstand des M\u00fcnster-Monastir e.V. best\u00e4tigt<\/span><span class=\"fa fa-angle-double-right\" aria-hidden=\"true\"><\/span><\/a><\/p>\n","protected":false},"author":2,"featured_media":0,"comment_status":"closed","ping_status":"closed","sticky":false,"template":"","format":"standard","meta":{"ngg_post_thumbnail":0,"footnotes":""},"categories":[1],"tags":[],"class_list":["post-868","post","type-post","status-publish","format-standard","hentry","category-allgemein","content-layout-excerpt-thumb"],"_links":{"self":[{"href":"https:\/\/www.muenster-monastir.de\/index.php\/wp-json\/wp\/v2\/posts\/868","targetHints":{"allow":["GET"]}}],"collection":[{"href":"https:\/\/www.muenster-monastir.de\/index.php\/wp-json\/wp\/v2\/posts"}],"about":[{"href":"https:\/\/www.muenster-monastir.de\/index.php\/wp-json\/wp\/v2\/types\/post"}],"author":[{"embeddable":true,"href":"https:\/\/www.muenster-monastir.de\/index.php\/wp-json\/wp\/v2\/users\/2"}],"replies":[{"embeddable":true,"href":"https:\/\/www.muenster-monastir.de\/index.php\/wp-json\/wp\/v2\/comments?post=868"}],"version-history":[{"count":1,"href":"https:\/\/www.muenster-monastir.de\/index.php\/wp-json\/wp\/v2\/posts\/868\/revisions"}],"predecessor-version":[{"id":870,"href":"https:\/\/www.muenster-monastir.de\/index.php\/wp-json\/wp\/v2\/posts\/868\/revisions\/870"}],"wp:attachment":[{"href":"https:\/\/www.muenster-monastir.de\/index.php\/wp-json\/wp\/v2\/media?parent=868"}],"wp:term":[{"taxonomy":"category","embeddable":true,"href":"https:\/\/www.muenster-monastir.de\/index.php\/wp-json\/wp\/v2\/categories?post=868"},{"taxonomy":"post_tag","embeddable":true,"href":"https:\/\/www.muenster-monastir.de\/index.php\/wp-json\/wp\/v2\/tags?post=868"}],"curies":[{"name":"wp","href":"https:\/\/api.w.org\/{rel}","templated":true}]}}