{"id":727,"date":"2020-06-17T14:43:19","date_gmt":"2020-06-17T12:43:19","guid":{"rendered":"https:\/\/www.muenster-monastir.de\/?p=727"},"modified":"2024-11-18T11:46:30","modified_gmt":"2024-11-18T10:46:30","slug":"monastir-platz-in-muenster","status":"publish","type":"post","link":"https:\/\/www.muenster-monastir.de\/index.php\/2020\/06\/17\/monastir-platz-in-muenster\/","title":{"rendered":"Monastir-Platz in M\u00fcnster"},"content":{"rendered":"\n<p>Gro\u00dfe Freude in M\u00fcnster \u00fcber die Entscheidung der zust\u00e4ndigen Bezirksvertretung Nord \u00fcber die Benennung eines Platzes in Kinderhaus nach unserer Partnerstadt Monastir. Und ich freue mich umso mehr, da\u00df dieser Beschlu\u00df (von unserem Vorstandsmitglied Deler Saber in arabischer Sprache ver\u00f6ffentlicht) in Monastir in den Netzwerken eine mehrere hundertfache positive Resonanz findet. Jetzt hoffen wir, dass bald wieder wechselseitige Besuche stattfinden k\u00f6nnen.<\/p>\n\n\n\n<p>Thomas Kollmann, Juni 2020<\/p>\n\n\n\n<figure class=\"wp-block-image\"><img loading=\"lazy\" decoding=\"async\" width=\"1024\" height=\"498\" src=\"https:\/\/www.muenster-monastir.de\/wp-content\/uploads\/2020\/06\/Schild-Monastir-Platz-1024x498.jpg\" alt=\"\" class=\"wp-image-728\" srcset=\"https:\/\/www.muenster-monastir.de\/wp-content\/uploads\/2020\/06\/Schild-Monastir-Platz-1024x498.jpg 1024w, https:\/\/www.muenster-monastir.de\/wp-content\/uploads\/2020\/06\/Schild-Monastir-Platz-300x146.jpg 300w, https:\/\/www.muenster-monastir.de\/wp-content\/uploads\/2020\/06\/Schild-Monastir-Platz-768x373.jpg 768w, https:\/\/www.muenster-monastir.de\/wp-content\/uploads\/2020\/06\/Schild-Monastir-Platz.jpg 2016w\" sizes=\"auto, (max-width: 1024px) 100vw, 1024px\" \/><\/figure>\n\n\n\n<p>Siehe auch Presseartikel unter <a href=\"https:\/\/www.muenster-monastir.de\/index.php\/presse\/\">Presse<\/a><\/p>\n","protected":false},"excerpt":{"rendered":"<p>Gro\u00dfe Freude in M\u00fcnster \u00fcber die Entscheidung der zust\u00e4ndigen Bezirksvertretung Nord \u00fcber die Benennung eines Platzes in Kinderhaus nach unserer Partnerstadt Monastir. Und ich freue mich umso mehr, da\u00df dieser Beschlu\u00df (von unserem Vorstandsmitglied Deler Saber in arabischer Sprache ver\u00f6ffentlicht)&#8230; <a href=\"https:\/\/www.muenster-monastir.de\/index.php\/2020\/06\/17\/monastir-platz-in-muenster\/\" class=\"readmore\">Weiterlesen<span class=\"screen-reader-text\">Monastir-Platz in M\u00fcnster<\/span><span class=\"fa fa-angle-double-right\" aria-hidden=\"true\"><\/span><\/a><\/p>\n","protected":false},"author":2,"featured_media":0,"comment_status":"closed","ping_status":"closed","sticky":false,"template":"","format":"standard","meta":{"ngg_post_thumbnail":0,"footnotes":""},"categories":[1],"tags":[],"class_list":["post-727","post","type-post","status-publish","format-standard","hentry","category-allgemein","content-layout-excerpt-thumb"],"_links":{"self":[{"href":"https:\/\/www.muenster-monastir.de\/index.php\/wp-json\/wp\/v2\/posts\/727","targetHints":{"allow":["GET"]}}],"collection":[{"href":"https:\/\/www.muenster-monastir.de\/index.php\/wp-json\/wp\/v2\/posts"}],"about":[{"href":"https:\/\/www.muenster-monastir.de\/index.php\/wp-json\/wp\/v2\/types\/post"}],"author":[{"embeddable":true,"href":"https:\/\/www.muenster-monastir.de\/index.php\/wp-json\/wp\/v2\/users\/2"}],"replies":[{"embeddable":true,"href":"https:\/\/www.muenster-monastir.de\/index.php\/wp-json\/wp\/v2\/comments?post=727"}],"version-history":[{"count":1,"href":"https:\/\/www.muenster-monastir.de\/index.php\/wp-json\/wp\/v2\/posts\/727\/revisions"}],"predecessor-version":[{"id":729,"href":"https:\/\/www.muenster-monastir.de\/index.php\/wp-json\/wp\/v2\/posts\/727\/revisions\/729"}],"wp:attachment":[{"href":"https:\/\/www.muenster-monastir.de\/index.php\/wp-json\/wp\/v2\/media?parent=727"}],"wp:term":[{"taxonomy":"category","embeddable":true,"href":"https:\/\/www.muenster-monastir.de\/index.php\/wp-json\/wp\/v2\/categories?post=727"},{"taxonomy":"post_tag","embeddable":true,"href":"https:\/\/www.muenster-monastir.de\/index.php\/wp-json\/wp\/v2\/tags?post=727"}],"curies":[{"name":"wp","href":"https:\/\/api.w.org\/{rel}","templated":true}]}}