{"id":612,"date":"2020-05-07T17:55:55","date_gmt":"2020-05-07T15:55:55","guid":{"rendered":"https:\/\/www.muenster-monastir.de\/?p=612"},"modified":"2024-11-18T11:46:37","modified_gmt":"2024-11-18T10:46:37","slug":"spendenaktion-findet-in-monastir-hohe-resonanz","status":"publish","type":"post","link":"https:\/\/www.muenster-monastir.de\/index.php\/2020\/05\/07\/spendenaktion-findet-in-monastir-hohe-resonanz\/","title":{"rendered":"Spendenaktion findet in Monastir hohe Resonanz"},"content":{"rendered":"\n<p>Einen gro\u00dfartigen Empfang im Rathaus von Monastir erlebten 15 M\u00fcnsteraner G\u00e4ste aus Anlass der Spenden\u00fcbergabe der WN-Spendenaktion 2019 an drei Projekte aus der tunesischen Partnerstadt. Die Stadtspitze mit B\u00fcrgermeister Mondher Marzouk sowie seinen Vertreterinnen Houda Bourguiba und Najoua Besbes war neben Personen des \u00f6ffentlichen Lebens und Projektbeteiligten komplett dabei. Der Vorsitzende des M\u00fcnster-Monastir-Vereins, Ratsherr Thomas Kollmann \u00fcbernahm in Begleitung einer Austauschgruppe des Overberg-Kollegs die \u00dcberreichung von jeweils 10.000 \u20ac als erste Tranche. <\/p>\n\n\n\n<p>Vorbildliches zivilgesellschaftes Engagement zeigen die Projekte Voix de l\u2018enfants (S\u00e4uglingsstation), Notre Grand Bleu (Umweltorganisation) und Association des Beaux Arts (Museum und Jugendkunstschulen). Diese drei Projekte werden ihre Ausgaben dokumentieren und erhalten die zweite Tranche in der zweiten Jahresh\u00e4lfte 2020. Hierbei wurden die dazugeh\u00f6rigen WN-Originalartikel aus der Vorweihnachtszeit zur Verf\u00fcgung gestellt und \u00fcber die Aktion wurde in tunesischen Medien wie auch zwei Radio-Livesendungen mit Teilnehmer*innen aus Monastir mit Thomas Kollmann intensiv berichtet. In den von Mondher Marzouk und Thomas Kollmann auf franz\u00f6sisch gehaltenen Reden wurde zudem die gewachsene St\u00e4dtepartnerschaft ausdr\u00fccklich gelobt. Bereits im M\u00e4rz wird eine offizielle Delegation mit dem B\u00fcrgermeister aus Monastir in M\u00fcnster erwartet und weitere Austauschprogramme sind in den Bereichen Klimapartnerschaft, Sport, Kultur und Musik geplant.<\/p>\n\n\n\n<figure class=\"wp-block-image\"><img loading=\"lazy\" decoding=\"async\" width=\"600\" height=\"338\" src=\"https:\/\/www.muenster-monastir.de\/wp-content\/uploads\/2020\/05\/Spenden\u00fcbergabe2.jpg\" alt=\"\" class=\"wp-image-615\" srcset=\"https:\/\/www.muenster-monastir.de\/wp-content\/uploads\/2020\/05\/Spenden\u00fcbergabe2.jpg 600w, https:\/\/www.muenster-monastir.de\/wp-content\/uploads\/2020\/05\/Spenden\u00fcbergabe2-300x169.jpg 300w\" sizes=\"auto, (max-width: 600px) 100vw, 600px\" \/><\/figure>\n\n\n\n<figure class=\"wp-block-image\"><img loading=\"lazy\" decoding=\"async\" width=\"600\" height=\"400\" src=\"https:\/\/www.muenster-monastir.de\/wp-content\/uploads\/2020\/05\/Spenden\u00fcbergabe1.jpg\" alt=\"\" class=\"wp-image-614\" srcset=\"https:\/\/www.muenster-monastir.de\/wp-content\/uploads\/2020\/05\/Spenden\u00fcbergabe1.jpg 600w, https:\/\/www.muenster-monastir.de\/wp-content\/uploads\/2020\/05\/Spenden\u00fcbergabe1-300x200.jpg 300w\" sizes=\"auto, (max-width: 600px) 100vw, 600px\" \/><\/figure>\n","protected":false},"excerpt":{"rendered":"<p>Einen gro\u00dfartigen Empfang im Rathaus von Monastir erlebten 15 M\u00fcnsteraner G\u00e4ste aus Anlass der Spenden\u00fcbergabe der WN-Spendenaktion 2019 an drei Projekte aus der tunesischen Partnerstadt. Die Stadtspitze mit B\u00fcrgermeister Mondher Marzouk sowie seinen Vertreterinnen Houda Bourguiba und Najoua Besbes war&#8230; <a href=\"https:\/\/www.muenster-monastir.de\/index.php\/2020\/05\/07\/spendenaktion-findet-in-monastir-hohe-resonanz\/\" class=\"readmore\">Weiterlesen<span class=\"screen-reader-text\">Spendenaktion findet in Monastir hohe Resonanz<\/span><span class=\"fa fa-angle-double-right\" aria-hidden=\"true\"><\/span><\/a><\/p>\n","protected":false},"author":2,"featured_media":0,"comment_status":"closed","ping_status":"closed","sticky":false,"template":"","format":"standard","meta":{"ngg_post_thumbnail":0,"footnotes":""},"categories":[1],"tags":[],"class_list":["post-612","post","type-post","status-publish","format-standard","hentry","category-allgemein","content-layout-excerpt-thumb"],"_links":{"self":[{"href":"https:\/\/www.muenster-monastir.de\/index.php\/wp-json\/wp\/v2\/posts\/612","targetHints":{"allow":["GET"]}}],"collection":[{"href":"https:\/\/www.muenster-monastir.de\/index.php\/wp-json\/wp\/v2\/posts"}],"about":[{"href":"https:\/\/www.muenster-monastir.de\/index.php\/wp-json\/wp\/v2\/types\/post"}],"author":[{"embeddable":true,"href":"https:\/\/www.muenster-monastir.de\/index.php\/wp-json\/wp\/v2\/users\/2"}],"replies":[{"embeddable":true,"href":"https:\/\/www.muenster-monastir.de\/index.php\/wp-json\/wp\/v2\/comments?post=612"}],"version-history":[{"count":2,"href":"https:\/\/www.muenster-monastir.de\/index.php\/wp-json\/wp\/v2\/posts\/612\/revisions"}],"predecessor-version":[{"id":616,"href":"https:\/\/www.muenster-monastir.de\/index.php\/wp-json\/wp\/v2\/posts\/612\/revisions\/616"}],"wp:attachment":[{"href":"https:\/\/www.muenster-monastir.de\/index.php\/wp-json\/wp\/v2\/media?parent=612"}],"wp:term":[{"taxonomy":"category","embeddable":true,"href":"https:\/\/www.muenster-monastir.de\/index.php\/wp-json\/wp\/v2\/categories?post=612"},{"taxonomy":"post_tag","embeddable":true,"href":"https:\/\/www.muenster-monastir.de\/index.php\/wp-json\/wp\/v2\/tags?post=612"}],"curies":[{"name":"wp","href":"https:\/\/api.w.org\/{rel}","templated":true}]}}