{"id":509,"date":"2019-11-20T12:44:19","date_gmt":"2019-11-20T11:44:19","guid":{"rendered":"https:\/\/www.muenster-monastir.de\/?p=509"},"modified":"2024-11-18T11:47:05","modified_gmt":"2024-11-18T10:47:05","slug":"umweltprojekt-notre-grand-bleu","status":"publish","type":"post","link":"https:\/\/www.muenster-monastir.de\/index.php\/2019\/11\/20\/umweltprojekt-notre-grand-bleu\/","title":{"rendered":"Umweltprojekt \u201aNotre grand bleu\u2018"},"content":{"rendered":"\n<p>Das Umweltprojekt \u201aNotre grand bleu\u2018 in Monastir ist ein anerkannter Umweltverband und gesch\u00e4tzter Kooperationspartner M\u00fcnsters bei der gemeinsamen Klimapartnerschaft. Das Vereinslogo zeigt einen Delphin, diese Meeress\u00e4uger sind in dieser Meeresregion noch vertreten. An der fragilen Mittelmeerk\u00fcste setzt setzen sich viele Ehrenamtliche aktiv f\u00fcr den Umweltschutz ein. Regelm\u00e4\u00dfig werden die Str\u00e4nde der Umgebung von Holz, Algen und Plastikm\u00fcll gereinigt, immer \u00f6fter nach Starkregenereignissen oder Sturmfluten mit Meereserosion, da ist Monastir zuletzt stark betroffen gewesen. <\/p>\n\n\n\n<figure class=\"wp-block-image\"><img loading=\"lazy\" decoding=\"async\" width=\"960\" height=\"540\" src=\"https:\/\/www.muenster-monastir.de\/wp-content\/uploads\/2019\/11\/notre-grand-bleu2.jpg\" alt=\"\" class=\"wp-image-510\" srcset=\"https:\/\/www.muenster-monastir.de\/wp-content\/uploads\/2019\/11\/notre-grand-bleu2.jpg 960w, https:\/\/www.muenster-monastir.de\/wp-content\/uploads\/2019\/11\/notre-grand-bleu2-300x169.jpg 300w, https:\/\/www.muenster-monastir.de\/wp-content\/uploads\/2019\/11\/notre-grand-bleu2-768x432.jpg 768w\" sizes=\"auto, (max-width: 960px) 100vw, 960px\" \/><figcaption>Notre grand bleu<\/figcaption><\/figure>\n\n\n\n<p>\u201aNotre grand bleu\u2018 hat eine Auffangstation f\u00fcr verletzte oder kranke Meeresschildkr\u00f6ten (Caretta Caretta) eingerichtet und nach einer Gesundungsphase k\u00f6nnen diese wieder in die Freiheit entlassen werden. Die der Stadt Monastir vorgelagerte Insel Kuriat, auf der Meeresschildkr\u00f6ten ihre Eier ablegen wo auch viele bedrohte Vogelarten ein R\u00fcckzugsgebiet haben, wird von \u201aNotre grand bleu\u2018 betreut. Kinder und Jugendliche aus der Stadt, aber auch Praktikanten aus anderen L\u00e4nder werden geschult und bei Versch\u00f6nerungs-, Baumpflanz- oder auch Reinigungsaktionen an das wichtige Umweltthema herangef\u00fchrt. Mit dem partizipativen Ansatz wird die Beteiligung und Sensibilisierung der B\u00fcrger*innen aus Monastir erreicht, ebenso die der Jugend aus der ganzen Welt und die der Touristen und G\u00e4ste, um eine sanften \u00f6kologisch vertretbaren Tourismus zu realisieren. <\/p>\n\n\n\n<figure class=\"wp-block-image\"><img loading=\"lazy\" decoding=\"async\" width=\"960\" height=\"640\" src=\"https:\/\/www.muenster-monastir.de\/wp-content\/uploads\/2019\/11\/notre-grand-bleu1.jpg\" alt=\"\" class=\"wp-image-511\" srcset=\"https:\/\/www.muenster-monastir.de\/wp-content\/uploads\/2019\/11\/notre-grand-bleu1.jpg 960w, https:\/\/www.muenster-monastir.de\/wp-content\/uploads\/2019\/11\/notre-grand-bleu1-300x200.jpg 300w, https:\/\/www.muenster-monastir.de\/wp-content\/uploads\/2019\/11\/notre-grand-bleu1-768x512.jpg 768w\" sizes=\"auto, (max-width: 960px) 100vw, 960px\" \/><figcaption>Die freiwilligen Helfer von \u201aNotre Grand Bleu\u2018<\/figcaption><\/figure>\n\n\n\n<p>Hierf\u00fcr ist zudem ein Informationszentrum geplant. Die Arbeit der Freiwilligen von \u201aNotre Grand Bleu\u2018 lebt haupts\u00e4chlich von Spendenmitteln und verbindet geradezu beispielhaft soziale und wissenschaftliche Aspekte. (siehe auch homepage oder facebook unter notre grand bleu) Zuletzt \u00fcberzeugte sich die M\u00fcnsteraner Delegation mit Oberb\u00fcrgermeister Markus Lewe \u00fcber die  Arbeit vor Ort. \u201eWir sind von der geleisteten Arbeit sehr angetan, m\u00f6chten gemeinsam die Klimapartnerschaft weiter st\u00e4rken und die wichtigen Umweltprojekte aktiv unterst\u00fctzen\u201c so Markus Lewe. Notre Grand Bleu-Projektleiter Ahmed Ghedira aus Monastir f\u00fchrt aus: \u201eUmweltschutz ist eine globale Aufgabe, die wir l\u00e4nder\u00fcbergreifend gemeinsam mit Jung und Alt f\u00fcr eine bessere Welt umsetzen m\u00f6chten. Da freut uns die Unters\u00fctzung aus unserer Partnerstadt M\u00fcnster ganz besonders!\u201c<\/p>\n\n\n\n<p><a href=\"https:\/\/www.muenster-monastir.de\/index.php\/presse\/\">Siehe auch den Bericht in der Presse<\/a><\/p>\n\n\n\n<p><a href=\"https:\/\/www.muenster-monastir.de\/index.php\/2019\/12\/11\/wn-spendenaktion-2019\/\">Zur Spendenaktion<\/a><\/p>\n","protected":false},"excerpt":{"rendered":"<p>Das Umweltprojekt \u201aNotre grand bleu\u2018 in Monastir ist ein anerkannter Umweltverband und gesch\u00e4tzter Kooperationspartner M\u00fcnsters bei der gemeinsamen Klimapartnerschaft. Das Vereinslogo zeigt einen Delphin, diese Meeress\u00e4uger sind in dieser Meeresregion noch vertreten. An der fragilen Mittelmeerk\u00fcste setzt setzen sich viele&#8230; <a href=\"https:\/\/www.muenster-monastir.de\/index.php\/2019\/11\/20\/umweltprojekt-notre-grand-bleu\/\" class=\"readmore\">Weiterlesen<span class=\"screen-reader-text\">Umweltprojekt \u201aNotre grand bleu\u2018<\/span><span class=\"fa fa-angle-double-right\" aria-hidden=\"true\"><\/span><\/a><\/p>\n","protected":false},"author":2,"featured_media":0,"comment_status":"closed","ping_status":"closed","sticky":false,"template":"","format":"standard","meta":{"ngg_post_thumbnail":0,"footnotes":""},"categories":[1],"tags":[],"class_list":["post-509","post","type-post","status-publish","format-standard","hentry","category-allgemein","content-layout-excerpt-thumb"],"_links":{"self":[{"href":"https:\/\/www.muenster-monastir.de\/index.php\/wp-json\/wp\/v2\/posts\/509","targetHints":{"allow":["GET"]}}],"collection":[{"href":"https:\/\/www.muenster-monastir.de\/index.php\/wp-json\/wp\/v2\/posts"}],"about":[{"href":"https:\/\/www.muenster-monastir.de\/index.php\/wp-json\/wp\/v2\/types\/post"}],"author":[{"embeddable":true,"href":"https:\/\/www.muenster-monastir.de\/index.php\/wp-json\/wp\/v2\/users\/2"}],"replies":[{"embeddable":true,"href":"https:\/\/www.muenster-monastir.de\/index.php\/wp-json\/wp\/v2\/comments?post=509"}],"version-history":[{"count":4,"href":"https:\/\/www.muenster-monastir.de\/index.php\/wp-json\/wp\/v2\/posts\/509\/revisions"}],"predecessor-version":[{"id":565,"href":"https:\/\/www.muenster-monastir.de\/index.php\/wp-json\/wp\/v2\/posts\/509\/revisions\/565"}],"wp:attachment":[{"href":"https:\/\/www.muenster-monastir.de\/index.php\/wp-json\/wp\/v2\/media?parent=509"}],"wp:term":[{"taxonomy":"category","embeddable":true,"href":"https:\/\/www.muenster-monastir.de\/index.php\/wp-json\/wp\/v2\/categories?post=509"},{"taxonomy":"post_tag","embeddable":true,"href":"https:\/\/www.muenster-monastir.de\/index.php\/wp-json\/wp\/v2\/tags?post=509"}],"curies":[{"name":"wp","href":"https:\/\/api.w.org\/{rel}","templated":true}]}}