{"id":500,"date":"2019-11-20T12:26:31","date_gmt":"2019-11-20T11:26:31","guid":{"rendered":"https:\/\/www.muenster-monastir.de\/?p=500"},"modified":"2024-11-18T11:47:11","modified_gmt":"2024-11-18T10:47:11","slug":"unter-einer-sonne","status":"publish","type":"post","link":"https:\/\/www.muenster-monastir.de\/index.php\/2019\/11\/20\/unter-einer-sonne\/","title":{"rendered":"Unter einer Sonne"},"content":{"rendered":"\n<p>Zur Ausstellung der pART e.V. K\u00fcnstlergemeinschaft M\u00fcnster in Monastir im Juni 2019 malte der K\u00fcnstler Benno S\u00f6keland das Bild &#8222;Unter einer Sonne&#8220;. Der Manager des Regency Hotels Ghazi Trimeche war von dem Bild begeistert und wollte es f\u00fcr seine Werbung einsetzen. Kurzerhand verschenkte der K\u00fcnstler das Bild an das Hotel, der Manager gab es weiter an die Gemeinde Monastir, wo es einen Platz im M\u00fcnster-Raum finden soll.<\/p>\n\n\n\n<p>Auch der Verein Freundeskreis M\u00fcnster-Monastir war begeistert und schickte das Bild als Foto an die Mitglieder. So gelangte es zur Stadt M\u00fcnster, die das Bild beim Festakt der Jubil\u00e4umsfeier pr\u00e4sentieren wollte, leider war es aber jetzt in Monastir, so wurde eine etwas kleinere Replik angefertigt, als Fine Art Print auf Leinwand gedruckt und auf Keilrahmen gespannt, Format 65 x 45 cm.<\/p>\n\n\n\n<div class=\"wp-block-image\"><figure class=\"aligncenter\"><img loading=\"lazy\" decoding=\"async\" width=\"369\" height=\"600\" src=\"https:\/\/www.muenster-monastir.de\/wp-content\/uploads\/2019\/11\/Unter-einer-Sonne.jpg\" alt=\"\" class=\"wp-image-501\" srcset=\"https:\/\/www.muenster-monastir.de\/wp-content\/uploads\/2019\/11\/Unter-einer-Sonne.jpg 369w, https:\/\/www.muenster-monastir.de\/wp-content\/uploads\/2019\/11\/Unter-einer-Sonne-185x300.jpg 185w\" sizes=\"auto, (max-width: 369px) 100vw, 369px\" \/><figcaption>Benno S\u00f6keland <br>Unter einer Sonne<br>Acryl auf Leinwand, 85 x 55 cm, 2019<\/figcaption><\/figure><\/div>\n\n\n\n<div class=\"wp-block-columns has-2-columns is-layout-flex wp-container-core-columns-is-layout-1 wp-block-columns-is-layout-flex\">\n<div class=\"wp-block-column is-layout-flow wp-block-column-is-layout-flow\">\n<p>So wurde das Bild bei dem Festakt des Jubil\u00e4ums der 50 j\u00e4hrigen St\u00e4dtepartnerschaft M\u00fcnster im Erbdrostenhof pr\u00e4sentiert. <\/p>\n\n\n\n<p>Bei Interesse an einer solchen Replik des Bildes bitte eine E-Mail an Benno S\u00f6keland <a href=\"mailto:info@soekeland.de\">info@soekeland.de<\/a><\/p>\n<\/div>\n\n\n\n<div class=\"wp-block-column is-layout-flow wp-block-column-is-layout-flow\">\n<figure class=\"wp-block-image\"><img loading=\"lazy\" decoding=\"async\" width=\"768\" height=\"1024\" src=\"https:\/\/www.muenster-monastir.de\/wp-content\/uploads\/2019\/11\/IMG_6333-768x1024.jpg\" alt=\"\" class=\"wp-image-502\" srcset=\"https:\/\/www.muenster-monastir.de\/wp-content\/uploads\/2019\/11\/IMG_6333-768x1024.jpg 768w, https:\/\/www.muenster-monastir.de\/wp-content\/uploads\/2019\/11\/IMG_6333-225x300.jpg 225w\" sizes=\"auto, (max-width: 768px) 100vw, 768px\" \/><figcaption>Replik Fine Art Print <br>auf Leinwand, 65 x 45 cm<\/figcaption><\/figure>\n<\/div>\n<\/div>\n","protected":false},"excerpt":{"rendered":"<p>Zur Ausstellung der pART e.V. K\u00fcnstlergemeinschaft M\u00fcnster in Monastir im Juni 2019 malte der K\u00fcnstler Benno S\u00f6keland das Bild &#8222;Unter einer Sonne&#8220;. Der Manager des Regency Hotels Ghazi Trimeche war von dem Bild begeistert und wollte es f\u00fcr seine Werbung&#8230; <a href=\"https:\/\/www.muenster-monastir.de\/index.php\/2019\/11\/20\/unter-einer-sonne\/\" class=\"readmore\">Weiterlesen<span class=\"screen-reader-text\">Unter einer Sonne<\/span><span class=\"fa fa-angle-double-right\" aria-hidden=\"true\"><\/span><\/a><\/p>\n","protected":false},"author":2,"featured_media":0,"comment_status":"closed","ping_status":"closed","sticky":false,"template":"","format":"standard","meta":{"ngg_post_thumbnail":0,"footnotes":""},"categories":[1],"tags":[],"class_list":["post-500","post","type-post","status-publish","format-standard","hentry","category-allgemein","content-layout-excerpt-thumb"],"_links":{"self":[{"href":"https:\/\/www.muenster-monastir.de\/index.php\/wp-json\/wp\/v2\/posts\/500","targetHints":{"allow":["GET"]}}],"collection":[{"href":"https:\/\/www.muenster-monastir.de\/index.php\/wp-json\/wp\/v2\/posts"}],"about":[{"href":"https:\/\/www.muenster-monastir.de\/index.php\/wp-json\/wp\/v2\/types\/post"}],"author":[{"embeddable":true,"href":"https:\/\/www.muenster-monastir.de\/index.php\/wp-json\/wp\/v2\/users\/2"}],"replies":[{"embeddable":true,"href":"https:\/\/www.muenster-monastir.de\/index.php\/wp-json\/wp\/v2\/comments?post=500"}],"version-history":[{"count":6,"href":"https:\/\/www.muenster-monastir.de\/index.php\/wp-json\/wp\/v2\/posts\/500\/revisions"}],"predecessor-version":[{"id":508,"href":"https:\/\/www.muenster-monastir.de\/index.php\/wp-json\/wp\/v2\/posts\/500\/revisions\/508"}],"wp:attachment":[{"href":"https:\/\/www.muenster-monastir.de\/index.php\/wp-json\/wp\/v2\/media?parent=500"}],"wp:term":[{"taxonomy":"category","embeddable":true,"href":"https:\/\/www.muenster-monastir.de\/index.php\/wp-json\/wp\/v2\/categories?post=500"},{"taxonomy":"post_tag","embeddable":true,"href":"https:\/\/www.muenster-monastir.de\/index.php\/wp-json\/wp\/v2\/tags?post=500"}],"curies":[{"name":"wp","href":"https:\/\/api.w.org\/{rel}","templated":true}]}}