{"id":493,"date":"2019-11-20T11:58:28","date_gmt":"2019-11-20T10:58:28","guid":{"rendered":"https:\/\/www.muenster-monastir.de\/?p=493"},"modified":"2024-11-18T11:47:16","modified_gmt":"2024-11-18T10:47:16","slug":"muenster-und-monastir-machen-sich-stark-fuer-den-klimaschutz","status":"publish","type":"post","link":"https:\/\/www.muenster-monastir.de\/index.php\/2019\/11\/20\/muenster-und-monastir-machen-sich-stark-fuer-den-klimaschutz\/","title":{"rendered":"M\u00fcnster und Monastir machen sich stark f\u00fcr den Klimaschutz"},"content":{"rendered":"\n<p>Die St\u00e4dtepartnerschaft zwischen M\u00fcnster und Monastir feiert in diesem Jahr das 50-j\u00e4hrige Jubil\u00e4um.  Die Zusammenarbeit der beiden Stadtverwaltungen und der B\u00fcrgerschaft wurde in den letzten Monaten durch B\u00fcrgerreisen des Partnerschaftsvereins Freundeskreises M\u00fcnster-Monastir und  neu angebahnte Kooperationen wie eine Schulpartnerschaft stark belebt. Durch eine neue fachliche Ausrichtung der Kooperation im Bereich Klimaschutz wird die Zusammenarbeit der Verwaltungen und hier insbesondere des Amtes f\u00fcr Gr\u00fcnfl\u00e4chen, Nachhaltigkeit und Umweltschutzes und des Internationalen B\u00fcros im Amt f\u00fcr B\u00fcrger- und Ratsservice auf ein neues Level gehoben. <\/p>\n\n\n\n<p>M\u00fcnster und Monastir nehmen zusammen mit zehn weiteren kommunalen Duos, bestehend aus jeweils einer deutschen und einer afrikanischen oder lateinamerikanischen Kommune, an dem vom Bundesministerium f\u00fcr wirtschaftliche Zusammenarbeit und Entwicklung (BMZ) \u00fcber Engagement Global durch die Servicestelle Kommunen in der Einen Welt (SKEW) und die Landesarbeitsgemeinschaft Agenda 21 NRW (LAG 21 NRW) gef\u00f6rderten Projekt \u201eKommunale Klimapartnerschaften\u201c teil. <\/p>\n\n\n\n<p>Offizieller Startschuss der aktuellen Phase des Projektes \u201eKommunale Klimapartnerschaften\u201c war der internationale Kick-Off Workshop im Mai 2019 im Messe und Congress Centrum Halle M\u00fcnsterland in M\u00fcnster. Hier konnte man erleben, dass lokale Akteure auf dem Fundament internationaler Partnerschaften die globale Verantwortung f\u00fcr die kommenden Generationen tats\u00e4chlich wahrnehmen und das Versprechen zu globalem Klimaschutz gemeinsam umsetzen m\u00f6chten. Bis Mai 2021 haben sich alle Klima-Duos das Ziel gesetzt innerhalb ihrer Partnerschaft ein gemeinsames klimarelevantes Handlungskonzept mit gemeinsamen kurz-, mittel- und langfristigen Aktionen in den jeweiligen St\u00e4dten zu erstellen. Die Workshop-Tage wurden bestimmt durch intensiven fachlichen Austausch, das internationale Flair und die zahlreichen offiziellen Termine nach Tagungsschluss wie dem Abendempfang im Rathaus durch B\u00fcrgermeisterin Wendela-Beate Vilhjalmsson, einem Stadt-rundgang und einer Fachexkursion in die Rieselfelder. <\/p>\n\n\n\n<p>Die Beteiligten der St\u00e4dte M\u00fcnster und Monastir haben konkrete Themenfelder f\u00fcr die zuk\u00fcnftige Zusammenarbeit und den gegenseitigen Wissenstransfer auf Augenh\u00f6he heraus-gearbeitet. Beide Kommunen haben gro\u00dfe Expertise in den Handlungsfeldern Resilienz gegen Starkregen-Ereignisse, Aufwertung und Wiederverwertung von Abf\u00e4llen und im Ener-gieeffizienz-Bereich. Dar\u00fcber hinaus gibt es seitens der tunesischen Akteure Interesse an Themen wie Gr\u00fcnfl\u00e4chenplanung und klimafreundliche Mobilit\u00e4tskonzepte. Es fanden erste Gespr\u00e4che mit Fachexperten verschiedener \u00c4mter der Stadtverwaltung statt. Dar\u00fcber hin-aus hat das Internationale B\u00fcro im Amt f\u00fcr B\u00fcrger- und Ratsservice der Stadt M\u00fcnster,  den Freundeskreis M\u00fcnster &#8211; Monastir, den Beirat f\u00fcr kommunale Entwicklungszusammenarbeit, das Overberg-Kolleg sowie ehrenamtliche Fachexperten eingeladen, sich im Rahmen des Projektes zu engagieren. Die n\u00e4chsten Fachaustausche sind im August in Monastir, parallel zu den offiziellen Jubil\u00e4umsfeierlichkeiten der St\u00e4dtepartnerschaft, geplant. Im September 2019 wiederum wird erneut eine Delegation aus Monastir zu den Jubil\u00e4umsfeierlichkeiten in M\u00fcnster erwartet.<\/p>\n\n\n\nngg_shortcode_0_placeholder\n","protected":false},"excerpt":{"rendered":"<p>Die St\u00e4dtepartnerschaft zwischen M\u00fcnster und Monastir feiert in diesem Jahr das 50-j\u00e4hrige Jubil\u00e4um. Die Zusammenarbeit der beiden Stadtverwaltungen und der B\u00fcrgerschaft wurde in den letzten Monaten durch B\u00fcrgerreisen des Partnerschaftsvereins Freundeskreises M\u00fcnster-Monastir und neu angebahnte Kooperationen wie eine Schulpartnerschaft stark&#8230; <a href=\"https:\/\/www.muenster-monastir.de\/index.php\/2019\/11\/20\/muenster-und-monastir-machen-sich-stark-fuer-den-klimaschutz\/\" class=\"readmore\">Weiterlesen<span class=\"screen-reader-text\">M\u00fcnster und Monastir machen sich stark f\u00fcr den Klimaschutz<\/span><span class=\"fa fa-angle-double-right\" aria-hidden=\"true\"><\/span><\/a><\/p>\n","protected":false},"author":2,"featured_media":0,"comment_status":"closed","ping_status":"closed","sticky":false,"template":"","format":"standard","meta":{"ngg_post_thumbnail":0,"footnotes":""},"categories":[1],"tags":[],"class_list":["post-493","post","type-post","status-publish","format-standard","hentry","category-allgemein","content-layout-excerpt-thumb"],"_links":{"self":[{"href":"https:\/\/www.muenster-monastir.de\/index.php\/wp-json\/wp\/v2\/posts\/493","targetHints":{"allow":["GET"]}}],"collection":[{"href":"https:\/\/www.muenster-monastir.de\/index.php\/wp-json\/wp\/v2\/posts"}],"about":[{"href":"https:\/\/www.muenster-monastir.de\/index.php\/wp-json\/wp\/v2\/types\/post"}],"author":[{"embeddable":true,"href":"https:\/\/www.muenster-monastir.de\/index.php\/wp-json\/wp\/v2\/users\/2"}],"replies":[{"embeddable":true,"href":"https:\/\/www.muenster-monastir.de\/index.php\/wp-json\/wp\/v2\/comments?post=493"}],"version-history":[{"count":3,"href":"https:\/\/www.muenster-monastir.de\/index.php\/wp-json\/wp\/v2\/posts\/493\/revisions"}],"predecessor-version":[{"id":499,"href":"https:\/\/www.muenster-monastir.de\/index.php\/wp-json\/wp\/v2\/posts\/493\/revisions\/499"}],"wp:attachment":[{"href":"https:\/\/www.muenster-monastir.de\/index.php\/wp-json\/wp\/v2\/media?parent=493"}],"wp:term":[{"taxonomy":"category","embeddable":true,"href":"https:\/\/www.muenster-monastir.de\/index.php\/wp-json\/wp\/v2\/categories?post=493"},{"taxonomy":"post_tag","embeddable":true,"href":"https:\/\/www.muenster-monastir.de\/index.php\/wp-json\/wp\/v2\/tags?post=493"}],"curies":[{"name":"wp","href":"https:\/\/api.w.org\/{rel}","templated":true}]}}