{"id":372,"date":"2019-01-30T13:03:29","date_gmt":"2019-01-30T12:03:29","guid":{"rendered":"https:\/\/www.muenster-monastir.de\/?p=372"},"modified":"2024-11-18T11:47:31","modified_gmt":"2024-11-18T10:47:31","slug":"tunesisch-kochen-im-jubilaeumsjahr","status":"publish","type":"post","link":"https:\/\/www.muenster-monastir.de\/index.php\/2019\/01\/30\/tunesisch-kochen-im-jubilaeumsjahr\/","title":{"rendered":"Tunesisch kochen im Jubil\u00e4umsjahr"},"content":{"rendered":"\n<div class=\"wp-block-image\"><figure class=\"alignright is-resized\"><img loading=\"lazy\" decoding=\"async\" src=\"https:\/\/www.muenster-monastir.de\/wp-content\/uploads\/2019\/01\/Tunesisches_Gem\u00fcse.jpg\" alt=\"Tunesisches Gem\u00fcse\" class=\"wp-image-376\" width=\"188\" height=\"251\" srcset=\"https:\/\/www.muenster-monastir.de\/wp-content\/uploads\/2019\/01\/Tunesisches_Gem\u00fcse.jpg 450w, https:\/\/www.muenster-monastir.de\/wp-content\/uploads\/2019\/01\/Tunesisches_Gem\u00fcse-225x300.jpg 225w\" sizes=\"auto, (max-width: 188px) 100vw, 188px\" \/><figcaption>Tunesisches Gem\u00fcse<\/figcaption><\/figure><\/div>\n\n\n\n<p>Anl\u00e4sslich des 50-j\u00e4hrigen Jubil\u00e4ums der Partnerst\u00e4dte M\u00fcnster und Monastir (Tunesien) veranstaltete die VHS M\u00fcnster am 19.01.2019 in Kooperation mit dem Internationalen B\u00fcro im Amt f\u00fcr B\u00fcrger- und Ratsservice der Stadt M\u00fcnster und dem Freundeskreis M\u00fcnster-Monastir einen tunesischen Kochkurs. <\/p>\n\n\n\n<p>Unter der Leitung der marokkanischen Dozentin Bouchra El Alami zauberten die Teilnehmenden des ausgebuchten Kurses tunesische und nordafrikanische Spezialit\u00e4ten wie Safran-Nusscouscous, Brik (pikante Bl\u00e4tterteigtaschen mit F\u00fcllung) und Rote-Beete-Salat mit Granatapfelkernen. Als Dessert wurde Baklava (s\u00fc\u00dfes Bl\u00e4tterteiggeb\u00e4ck) zubereitet. Die Teilnehmer hatten dar\u00fcber hinaus die M\u00f6glichkeit, sich bei Anja Terhorst (Stadt M\u00fcnster, Internationales B\u00fcro) \u00fcber die St\u00e4dtepartnerschaft mit Monastir sowie den Freundeskreis M\u00fcnster-Monastir zu informieren.<\/p>\n\n\n\nngg_shortcode_0_placeholder\n","protected":false},"excerpt":{"rendered":"<p>Anl\u00e4sslich des 50-j\u00e4hrigen Jubil\u00e4ums der Partnerst\u00e4dte M\u00fcnster und Monastir (Tunesien) veranstaltete die VHS M\u00fcnster am 19.01.2019 in Kooperation mit dem Internationalen B\u00fcro im Amt f\u00fcr B\u00fcrger- und Ratsservice der Stadt M\u00fcnster und dem Freundeskreis M\u00fcnster-Monastir einen tunesischen Kochkurs. Unter der&#8230; <a href=\"https:\/\/www.muenster-monastir.de\/index.php\/2019\/01\/30\/tunesisch-kochen-im-jubilaeumsjahr\/\" class=\"readmore\">Weiterlesen<span class=\"screen-reader-text\">Tunesisch kochen im Jubil\u00e4umsjahr<\/span><span class=\"fa fa-angle-double-right\" aria-hidden=\"true\"><\/span><\/a><\/p>\n","protected":false},"author":2,"featured_media":0,"comment_status":"closed","ping_status":"closed","sticky":false,"template":"","format":"standard","meta":{"ngg_post_thumbnail":0,"footnotes":""},"categories":[1],"tags":[],"class_list":["post-372","post","type-post","status-publish","format-standard","hentry","category-allgemein","content-layout-excerpt-thumb"],"_links":{"self":[{"href":"https:\/\/www.muenster-monastir.de\/index.php\/wp-json\/wp\/v2\/posts\/372","targetHints":{"allow":["GET"]}}],"collection":[{"href":"https:\/\/www.muenster-monastir.de\/index.php\/wp-json\/wp\/v2\/posts"}],"about":[{"href":"https:\/\/www.muenster-monastir.de\/index.php\/wp-json\/wp\/v2\/types\/post"}],"author":[{"embeddable":true,"href":"https:\/\/www.muenster-monastir.de\/index.php\/wp-json\/wp\/v2\/users\/2"}],"replies":[{"embeddable":true,"href":"https:\/\/www.muenster-monastir.de\/index.php\/wp-json\/wp\/v2\/comments?post=372"}],"version-history":[{"count":8,"href":"https:\/\/www.muenster-monastir.de\/index.php\/wp-json\/wp\/v2\/posts\/372\/revisions"}],"predecessor-version":[{"id":475,"href":"https:\/\/www.muenster-monastir.de\/index.php\/wp-json\/wp\/v2\/posts\/372\/revisions\/475"}],"wp:attachment":[{"href":"https:\/\/www.muenster-monastir.de\/index.php\/wp-json\/wp\/v2\/media?parent=372"}],"wp:term":[{"taxonomy":"category","embeddable":true,"href":"https:\/\/www.muenster-monastir.de\/index.php\/wp-json\/wp\/v2\/categories?post=372"},{"taxonomy":"post_tag","embeddable":true,"href":"https:\/\/www.muenster-monastir.de\/index.php\/wp-json\/wp\/v2\/tags?post=372"}],"curies":[{"name":"wp","href":"https:\/\/api.w.org\/{rel}","templated":true}]}}